{"id":396,"date":"2012-01-01T00:00:51","date_gmt":"2011-12-31T23:00:51","guid":{"rendered":"http:\/\/test.polnischunterricht.de\/?p=396"},"modified":"2016-09-29T00:30:41","modified_gmt":"2016-09-28T22:30:41","slug":"archiv","status":"publish","type":"post","link":"https:\/\/polnischunterricht.de\/pl\/archiv\/","title":{"rendered":"Archiwum"},"content":{"rendered":"<p>W Archiwum przedstawiamy dzia\u0142alno\u015b\u0107 Zwi\u0105zku w formie skr\u00f3towego kalendarium, zaczynaj\u0105c od wydarze\u0144 z najbli\u017cszej przesz\u0142o\u015bci.<\/p>\n<p>Rok 2012<\/p>\n<p>13.09.2012 &#8211; referat M. Telus<\/p>\n<p>23.06.2012 &#8211; warsztaty <em>Sprawdzanie, testowanie i ocenianie w nauczaniu j\u0119zyka polskiego<\/em> (B. Stolarczyk, J. Go\u0142\u0105bek) na Uniwersytecie w Tybindze (Slavisches Seminar).<\/p>\n<p>9.06.2012 &#8211; szkolenie <em>Polska literatura wsp\u00f3\u0142czesna w nauczaniu j\u0119zyka polskiego jako obcego<\/em> (A. Korman, M. Bilski) w VHS Pasewalk.<\/p>\n<p>16.05.2012 &#8211; referat M. Telus &#8222;Akademickie nauczanie j\u0119zyka polskiego w Niemczech&#8221; na mi\u0119dzynarodowej konferencji &#8222;Polonistyka w Europie. Kierunki i perspektywy rozwoju&#8221;, Uniwersytet w Rzeszowie<\/p>\n<p>12.05.2012 &#8211; szkolenie <em>Rozwijanie sprawno\u015bci m\u00f3wienia w j\u0119zyku polskim jako obcym: tre\u015bci, techniki i ewaluacja<\/em> (I. Janowska, P. G\u0119bal) w Senatsverwaltung f\u00fcr Bildung, Jugend und Wissenschaft w Berlinie.<\/p>\n<p>21.04.2012 &#8211; seminarium <em>Dydaktyka nauczania j\u0119zyka polskiego dla cel\u00f3w zawodowych<\/em><br \/>\n(A. Szymkiewicz) w VHS we Frankfurcie nad Odr\u0105.<\/p>\n<p>14.04.2012 &#8211; seminarium <em>Dydaktyka j\u0119zyka polskiego jako kolejnego obcego<\/em> (A. Jasi\u0144ska, A. Zawadzka) na uniwersytecie w Hamburgu.<\/p>\n<p>24.03.2012 &#8211; warsztaty <em>Psychologia w nauczaniu j\u0119zyka &#8211; procesy poznawcze, emocje, motywacja<\/em> (Ma\u0142gorzata Zofia Koz\u0142owska) w Instytucie Polskim w D\u00fcsseldorfie.<\/p>\n<p>24.03.2012 &#8211; warsztaty <em>Rozwijanie sprawno\u015bci m\u00f3wienia w j\u0119zyku polskim jako obcym: tre\u015bci, techniki i ewaluacja<\/em> (I. Janowska, P. G\u0119bal) w VHS G\u00f6rlitz.<\/p>\n<p>10.01.2012 &#8211; spotkanie z przedstawicielami Szko\u0142y J\u0119zyka i Kultury Polskiej UJ w siedzibie Zwi\u0105zku po\u015bwi\u0119cone mo\u017cliwo\u015bciom sta\u0142ej wsp\u00f3\u0142pracy.<\/p>\n<p>Rok 2011<\/p>\n<p>10.12.2011 &#8211; szkolenie <em>Wykorzystanie element\u00f3w kultury i literatury w procesie nauczania j\u0119zyka polskiego<\/em> (M. Gerber) w Centrum J\u0119zyk\u00f3w Obcych TU Darmstadt.<\/p>\n<p>3.12.2011 &#8211; szkolenie <em>Dydaktyka nauczania j\u0119zyka polskiego dla cel\u00f3w zawodowych<\/em> (A. Jasi\u0144ska, A. Szymkiewicz) w Instytucie Polskim w Lipsku.<\/p>\n<p>25-26.11.2011 &#8211; referat M. Telus na konferencji &#8222;Bariery i\/jako wyzwanie w nauczaniu j\u00eazyka polskiego jako obcego&#8221; w Collegium Polonicum w S\u0142ubicach.<\/p>\n<p>12.11.2011 &#8211; szkolenie <em>Rozwijanie sprawno\u015bci m\u00f3wienia w j\u0119zyku polskim jako obcym: tre\u015bci, techniki i ewaluacj<\/em>a (I. Janowska, P. G\u0119bal) na uniwersytecie w Hanowerze.<\/p>\n<p>05.11.2011 &#8211; szkolenie <em>Polska literatura wsp\u00f3\u0142czesna w nauczaniu j\u0119zyka polskiego jako obcego<\/em> (A. Korman, M. Bilski) w Senatsverwaltung f\u00fcr Bildung, Wissenschaft und Forschung w Berlinie.<\/p>\n<p>22.10.2011 &#8211; udzia\u0142 A. Zinserling w dyskusji panelowej <em>Nauczanie j\u0119zyka polskiego w Niemczech<\/em> na Kongresie Towarzystw Polsko-Niemieckich we Frankfurcie nad Odr\u0105 i S\u0142ubicach.<\/p>\n<p>1.06.-30.10.11 &#8211; konkurs na najlepsz\u0105 gr\u0119 \/ zabaw\u0119 w nauczaniu j\u0119zyka polskiego, og\u0142oszony przez Federalny Zwi\u0105zek Nauczycieli J\u0119zyka Polskiego<\/p>\n<p>25.06.2011 &#8211; szkolenie <em>Techniki teleinformatyczne w nauczaniu j\u0119zyka polskiego<\/em> (L. Sosnowska) w VHS Pasewalk.<\/p>\n<p>18.06.2011 &#8211; szkolenie <em>Efektywne i komunikacyjne nauczanie j\u0119zyka polskiego<\/em> (M. Ma\u0142olepsza) na Uniwersytecie w Tybindze (Slavisches Seminar).<\/p>\n<p>28.05.2011 &#8211; szkolenie <em>Polska fonologia w nauczaniu j\u0119zyka<\/em> (L. Madelska) w VHS G\u00f6rlitz.<\/p>\n<p>14.05.2011 &#8211; szkolenie <em>Dydaktyka nauczania j\u0119zyka polskiego dla cel\u00f3w zawodowych<\/em> (A. Jasi\u0144ska, A. Szymkiewicz) w Senatsverw. f. Bildung, Wissenschaft und Forschung w Berlinie.<\/p>\n<p>27-31.03.2011- pi\u0105ta polsko-niemiecka konferencja pedagogiczna w Akademii Europejskiej Otzenhausen w Kraju Saary wsp\u00f3\u0142organizowana przez Zwi\u0105zek. Dr Magdalena Telus, cz\u0142onek Zarz\u0105du, wyg\u0142osi\u0142a referat pt. &#8222;Deutsch-polnische Asymmetrien in Unterrichtspraxis &#8211; Relevanz f\u00fcr interkulturelle Begegnungen&#8221;.<\/p>\n<p>03.03.2011 &#8211; udzia\u0142 (razem z Deutsch-Polnische Gesellschaft Brandenburg) w posiedzeniu Komisji Edukacji w brandenburskim Landtagu i przedstawienie wsp\u00f3lnego stanowiska w sprawie nauczania j\u0119zyka polskiego w Brandenburgii.<\/p>\n<p>05.02.2011 &#8211; szkolenie <em>Dydaktyzacja materia\u0142\u00f3w autentycznych w nauczaniu j\u0119zyka polskiego jako obcego<\/em> (M. Ma\u0142olepsza) w Konsulacie Generalnym RP w Hamburgu.<\/p>\n<p>22.01.2011 &#8211; szkolenie <em>Polska fonologia w nauczaniu j\u0119zyka<\/em> (L. Madelska) w VHS D\u00fcsseldorf.<\/p>\n<p>18.01.2011 &#8211; udzia\u0142 w spotkaniu ekspert\u00f3w zainicjowanym przez frakcj\u0119 Die Linke w brandenburskim Landtagu, po\u015bwi\u0119conym wieloj\u0119zyczno\u015bci w Brandenburgii i realizacji postanowie\u0144 komunikatu Komisji Europejskiej <em>Wieloj\u0119zyczno\u015b\u0107: atut dla Europy i wsp\u00f3lne zobowi\u0105zanie<\/em> z 18.09.2008.<\/p>\n<p>Rok 2010 (jako PDF)<\/p>\n<p>Rok 2009 (jako PDF)<\/p>","protected":false},"excerpt":{"rendered":"<p>W Archiwum przedstawiamy dzia\u0142alno\u015b\u0107 Zwi\u0105zku w formie skr\u00f3towego kalendarium, zaczynaj\u0105c od wydarze\u0144 z najbli\u017cszej przesz\u0142o\u015bci. Rok 2012 13.09.2012 &#8211; referat M. Telus 23.06.2012 &#8211; warsztaty Sprawdzanie, testowanie i ocenianie w nauczaniu j\u0119zyka polskiego (B. Stolarczyk, J. Go\u0142\u0105bek) na Uniwersytecie w Tybindze (Slavisches Seminar). 9.06.2012 &#8211; szkolenie Polska literatura wsp\u00f3\u0142czesna w nauczaniu j\u0119zyka polskiego jako obcego [&hellip;]<\/p>\n","protected":false},"author":1,"featured_media":0,"comment_status":"closed","ping_status":"closed","sticky":false,"template":"","format":"standard","meta":{"_acf_changed":false,"footnotes":""},"categories":[36],"tags":[],"class_list":["post-396","post","type-post","status-publish","format-standard","hentry","category-aktuelles"],"acf":[],"_links":{"self":[{"href":"https:\/\/polnischunterricht.de\/pl\/wp-json\/wp\/v2\/posts\/396","targetHints":{"allow":["GET"]}}],"collection":[{"href":"https:\/\/polnischunterricht.de\/pl\/wp-json\/wp\/v2\/posts"}],"about":[{"href":"https:\/\/polnischunterricht.de\/pl\/wp-json\/wp\/v2\/types\/post"}],"author":[{"embeddable":true,"href":"https:\/\/polnischunterricht.de\/pl\/wp-json\/wp\/v2\/users\/1"}],"replies":[{"embeddable":true,"href":"https:\/\/polnischunterricht.de\/pl\/wp-json\/wp\/v2\/comments?post=396"}],"version-history":[{"count":1,"href":"https:\/\/polnischunterricht.de\/pl\/wp-json\/wp\/v2\/posts\/396\/revisions"}],"predecessor-version":[{"id":397,"href":"https:\/\/polnischunterricht.de\/pl\/wp-json\/wp\/v2\/posts\/396\/revisions\/397"}],"wp:attachment":[{"href":"https:\/\/polnischunterricht.de\/pl\/wp-json\/wp\/v2\/media?parent=396"}],"wp:term":[{"taxonomy":"category","embeddable":true,"href":"https:\/\/polnischunterricht.de\/pl\/wp-json\/wp\/v2\/categories?post=396"},{"taxonomy":"post_tag","embeddable":true,"href":"https:\/\/polnischunterricht.de\/pl\/wp-json\/wp\/v2\/tags?post=396"}],"curies":[{"name":"wp","href":"https:\/\/api.w.org\/{rel}","templated":true}]}}